{"id":267,"date":"2009-12-13T11:09:13","date_gmt":"2009-12-13T11:09:13","guid":{"rendered":"https:\/\/e3design.es\/?p=267"},"modified":"2023-02-22T11:10:45","modified_gmt":"2023-02-22T11:10:45","slug":"aquel-sonador-desquiciado-i","status":"publish","type":"post","link":"https:\/\/e3design.es\/index.php\/2009\/12\/13\/aquel-sonador-desquiciado-i\/","title":{"rendered":"Aquel so\u00f1ador desquiciado I"},"content":{"rendered":"\n<p class=\"wp-block-paragraph\"><strong><strong>Versionarios | Don Quijote | T\u00e9cnica Mixta (grafito + color digital)<\/strong><\/strong><\/p>\n\n\n\n<p class=\"wp-block-paragraph\">\u201cGoya\u201d, \u201cPicasso\u201d, \u201cDal\u00ed\u201d, \u201cMingote\u201d y muchos otros hicier\u00f3n grandes homenajes al <strong>\u201cingenioso hidalgo de brillante armadura\u201d<\/strong> (un viejo desdichado que no distigu\u00eda ficci\u00f3n de realidad), sin embargo nadie hizo tanto por su imagen como \u201cGustavo Dor\u00e9\u201d. La edici\u00f3n del Quijote ilustrada por Dor\u00e9 es una de la piezas de coleccionista m\u00e1s codiciadas y sin lugar a dudas, una de esas obras de las que cualquier ilustrador puede aprender, desde la primera p\u00e1gina hasta la \u00faltima.<\/p>\n","protected":false},"excerpt":{"rendered":"<p>Versionarios | Don Quijote | T\u00e9cnica Mixta (grafito + color digital) \u201cGoya\u201d, \u201cPicasso\u201d, \u201cDal\u00ed\u201d, \u201cMingote\u201d y muchos otros hicier\u00f3n grandes homenajes al \u201cingenioso hidalgo de brillante armadura\u201d (un viejo desdichado [&hellip;]<\/p>\n","protected":false},"author":1,"featured_media":269,"comment_status":"open","ping_status":"open","sticky":false,"template":"","format":"image","meta":{"footnotes":""},"categories":[4],"tags":[13],"class_list":["post-267","post","type-post","status-publish","format-image","has-post-thumbnail","hentry","category-ilustracion","tag-versionarios","post_format-post-format-image"],"_links":{"self":[{"href":"https:\/\/e3design.es\/index.php\/wp-json\/wp\/v2\/posts\/267","targetHints":{"allow":["GET"]}}],"collection":[{"href":"https:\/\/e3design.es\/index.php\/wp-json\/wp\/v2\/posts"}],"about":[{"href":"https:\/\/e3design.es\/index.php\/wp-json\/wp\/v2\/types\/post"}],"author":[{"embeddable":true,"href":"https:\/\/e3design.es\/index.php\/wp-json\/wp\/v2\/users\/1"}],"replies":[{"embeddable":true,"href":"https:\/\/e3design.es\/index.php\/wp-json\/wp\/v2\/comments?post=267"}],"version-history":[{"count":1,"href":"https:\/\/e3design.es\/index.php\/wp-json\/wp\/v2\/posts\/267\/revisions"}],"predecessor-version":[{"id":270,"href":"https:\/\/e3design.es\/index.php\/wp-json\/wp\/v2\/posts\/267\/revisions\/270"}],"wp:featuredmedia":[{"embeddable":true,"href":"https:\/\/e3design.es\/index.php\/wp-json\/wp\/v2\/media\/269"}],"wp:attachment":[{"href":"https:\/\/e3design.es\/index.php\/wp-json\/wp\/v2\/media?parent=267"}],"wp:term":[{"taxonomy":"category","embeddable":true,"href":"https:\/\/e3design.es\/index.php\/wp-json\/wp\/v2\/categories?post=267"},{"taxonomy":"post_tag","embeddable":true,"href":"https:\/\/e3design.es\/index.php\/wp-json\/wp\/v2\/tags?post=267"}],"curies":[{"name":"wp","href":"https:\/\/api.w.org\/{rel}","templated":true}]}}