{"id":293,"date":"2009-12-14T09:33:00","date_gmt":"2009-12-14T09:33:00","guid":{"rendered":"https:\/\/e3design.es\/?p=293"},"modified":"2023-02-23T09:43:56","modified_gmt":"2023-02-23T09:43:56","slug":"el-conflicto-moral-de-merlin","status":"publish","type":"post","link":"https:\/\/e3design.es\/index.php\/2009\/12\/14\/el-conflicto-moral-de-merlin\/","title":{"rendered":"El conflicto moral de Merl\u00edn"},"content":{"rendered":"\n<p class=\"wp-block-paragraph\"><strong><strong>Versionarios | Magos | T\u00e9cnica Tradicional (acuarela)<\/strong><\/strong><\/p>\n\n\n\n<p class=\"wp-block-paragraph\">Esta acuarela fu\u00e9 realizada en 2005 en la Escuela de Arte de Gran Canaria. Sin lugar a dudas consta de muchisimos errores de luz, perspectiva, anatom\u00eda\u2026pero tengo que admitir que le tengo mucho cari\u00f1o. Por aquel entonces estaba comenzando a conocer la acuerela\u2026en este caso descubr\u00ed lo facil que es errar con la t\u00e9cnica dejando la ilustraci\u00f3n \u201csobada\u201d en exceso. La cuesti\u00f3n es que de a\u00fan con tantos fallos\u2026le sigo viendo su encanto.<\/p>\n","protected":false},"excerpt":{"rendered":"<p>Versionarios | Magos | T\u00e9cnica Tradicional (acuarela) Esta acuarela fu\u00e9 realizada en 2005 en la Escuela de Arte de Gran Canaria. Sin lugar a dudas consta de muchisimos errores de [&hellip;]<\/p>\n","protected":false},"author":1,"featured_media":294,"comment_status":"open","ping_status":"open","sticky":false,"template":"","format":"image","meta":{"footnotes":""},"categories":[4],"tags":[16,13],"class_list":["post-293","post","type-post","status-publish","format-image","has-post-thumbnail","hentry","category-ilustracion","tag-acuarela","tag-versionarios","post_format-post-format-image"],"_links":{"self":[{"href":"https:\/\/e3design.es\/index.php\/wp-json\/wp\/v2\/posts\/293","targetHints":{"allow":["GET"]}}],"collection":[{"href":"https:\/\/e3design.es\/index.php\/wp-json\/wp\/v2\/posts"}],"about":[{"href":"https:\/\/e3design.es\/index.php\/wp-json\/wp\/v2\/types\/post"}],"author":[{"embeddable":true,"href":"https:\/\/e3design.es\/index.php\/wp-json\/wp\/v2\/users\/1"}],"replies":[{"embeddable":true,"href":"https:\/\/e3design.es\/index.php\/wp-json\/wp\/v2\/comments?post=293"}],"version-history":[{"count":2,"href":"https:\/\/e3design.es\/index.php\/wp-json\/wp\/v2\/posts\/293\/revisions"}],"predecessor-version":[{"id":296,"href":"https:\/\/e3design.es\/index.php\/wp-json\/wp\/v2\/posts\/293\/revisions\/296"}],"wp:featuredmedia":[{"embeddable":true,"href":"https:\/\/e3design.es\/index.php\/wp-json\/wp\/v2\/media\/294"}],"wp:attachment":[{"href":"https:\/\/e3design.es\/index.php\/wp-json\/wp\/v2\/media?parent=293"}],"wp:term":[{"taxonomy":"category","embeddable":true,"href":"https:\/\/e3design.es\/index.php\/wp-json\/wp\/v2\/categories?post=293"},{"taxonomy":"post_tag","embeddable":true,"href":"https:\/\/e3design.es\/index.php\/wp-json\/wp\/v2\/tags?post=293"}],"curies":[{"name":"wp","href":"https:\/\/api.w.org\/{rel}","templated":true}]}}