{"id":327,"date":"2010-01-26T11:41:58","date_gmt":"2010-01-26T11:41:58","guid":{"rendered":"https:\/\/e3design.es\/?p=327"},"modified":"2023-02-23T11:43:12","modified_gmt":"2023-02-23T11:43:12","slug":"cabrilla-negra","status":"publish","type":"post","link":"https:\/\/e3design.es\/index.php\/2010\/01\/26\/cabrilla-negra\/","title":{"rendered":"Cabrilla negra"},"content":{"rendered":"\n<p class=\"wp-block-paragraph\"><strong>Oceanogr\u00e1fica | Ilustraci\u00f3n Cient\u00edfica |<\/strong> <strong>Digital<\/strong><\/p>\n\n\n\n<p class=\"wp-block-paragraph\">En post anteriores hemos tratado el proceso para generar una ilustraci\u00f3n cient\u00edfica. En ellos citamos la importancia de la documentacion, t\u00e9cnica y referencias de otros ilustradores, a la vez que os mostrabamos cuatro esp\u00e9cies representativas del Atl\u00e1ntico, m\u00e1s concretamente de las Islas Canarias. Este a\u00f1o retomamos la idea y continuamos con la din\u00e1mica de presentar m\u00e1s especies realizadas para y por <strong>Oceanogr\u00e1fica<\/strong>.<\/p>\n\n\n\n<p class=\"wp-block-paragraph\">\u2022 Est\u00e1 ilustraci\u00f3n sobre la <strong>Cabrilla negra<\/strong> \u2013 <em>Serranus atricauda<\/em> \u2013 est\u00e1 en fase de revisi\u00f3n. Pr\u00f3ximamente m\u00e1s dibujos en proceso especies de Canarias, como la <strong>Bicuda<\/strong> \u2013 <em>Sphyraena viridensis<\/em>.<\/p>\n","protected":false},"excerpt":{"rendered":"<p>Oceanogr\u00e1fica | Ilustraci\u00f3n Cient\u00edfica | Digital En post anteriores hemos tratado el proceso para generar una ilustraci\u00f3n cient\u00edfica. En ellos citamos la importancia de la documentacion, t\u00e9cnica y referencias de [&hellip;]<\/p>\n","protected":false},"author":1,"featured_media":328,"comment_status":"open","ping_status":"open","sticky":false,"template":"","format":"image","meta":{"footnotes":""},"categories":[4],"tags":[17],"class_list":["post-327","post","type-post","status-publish","format-image","has-post-thumbnail","hentry","category-ilustracion","tag-cientifica","post_format-post-format-image"],"_links":{"self":[{"href":"https:\/\/e3design.es\/index.php\/wp-json\/wp\/v2\/posts\/327","targetHints":{"allow":["GET"]}}],"collection":[{"href":"https:\/\/e3design.es\/index.php\/wp-json\/wp\/v2\/posts"}],"about":[{"href":"https:\/\/e3design.es\/index.php\/wp-json\/wp\/v2\/types\/post"}],"author":[{"embeddable":true,"href":"https:\/\/e3design.es\/index.php\/wp-json\/wp\/v2\/users\/1"}],"replies":[{"embeddable":true,"href":"https:\/\/e3design.es\/index.php\/wp-json\/wp\/v2\/comments?post=327"}],"version-history":[{"count":1,"href":"https:\/\/e3design.es\/index.php\/wp-json\/wp\/v2\/posts\/327\/revisions"}],"predecessor-version":[{"id":329,"href":"https:\/\/e3design.es\/index.php\/wp-json\/wp\/v2\/posts\/327\/revisions\/329"}],"wp:featuredmedia":[{"embeddable":true,"href":"https:\/\/e3design.es\/index.php\/wp-json\/wp\/v2\/media\/328"}],"wp:attachment":[{"href":"https:\/\/e3design.es\/index.php\/wp-json\/wp\/v2\/media?parent=327"}],"wp:term":[{"taxonomy":"category","embeddable":true,"href":"https:\/\/e3design.es\/index.php\/wp-json\/wp\/v2\/categories?post=327"},{"taxonomy":"post_tag","embeddable":true,"href":"https:\/\/e3design.es\/index.php\/wp-json\/wp\/v2\/tags?post=327"}],"curies":[{"name":"wp","href":"https:\/\/api.w.org\/{rel}","templated":true}]}}