{"id":366,"date":"2020-08-19T11:41:00","date_gmt":"2020-08-19T11:41:00","guid":{"rendered":"https:\/\/e3design.es\/?p=366"},"modified":"2023-05-19T11:55:02","modified_gmt":"2023-05-19T11:55:02","slug":"neos-beer","status":"publish","type":"post","link":"https:\/\/e3design.es\/index.php\/2020\/08\/19\/neos-beer\/","title":{"rendered":"Neos Beer"},"content":{"rendered":"\n<p class=\"wp-block-paragraph\"><strong>DIse\u00f1o Gr\u00e1fico | Imagen Corporativa | 2020<\/strong><\/p>\n\n\n\n<p class=\"wp-block-paragraph\">Casi como por casualidad terminamos conociendo a una persona din\u00e1mica y con mucha determinaci\u00f3n que deseaba crear una cerveza artesanal de gran calidad en Canarias. En 2020 ese sue\u00f1o se hizo realidad y sal\u00edo a la venta el primer lote de Neos Beer, la cerveza con ritmo. Para la creaci\u00f3n de la marca nos inspiramos en varios elementos como la imagen de un tamborero recordando al ritmo tropical, las tipograf\u00edas informales rotas y casi caligr\u00e1ficas haciendo alusi\u00f3n a lo urbano. Negros y dorados para que no se olvide que se trata de un producto premium&#8230;y mucho m\u00e1s que presentaremos en el futuro, este ambicioso proyecto acaba de empezar a caminar.<br><br>Ya puedes visitar su website oficial <strong><a href=\"http:\/\/neosbeer.com\/\">neosbeer.com<\/a><\/strong> y ver otros de los proyectos web de E3design en <a href=\"https:\/\/tuwebsite.es\/\">https:\/\/tuwebsite.es<\/a><\/p>\n","protected":false},"excerpt":{"rendered":"<p>DIse\u00f1o Gr\u00e1fico | Imagen Corporativa | 2020 Casi como por casualidad terminamos conociendo a una persona din\u00e1mica y con mucha determinaci\u00f3n que deseaba crear una cerveza artesanal de gran calidad [&hellip;]<\/p>\n","protected":false},"author":1,"featured_media":367,"comment_status":"open","ping_status":"open","sticky":false,"template":"","format":"image","meta":{"footnotes":""},"categories":[2,8],"tags":[47,48,26],"class_list":["post-366","post","type-post","status-publish","format-image","has-post-thumbnail","hentry","category-diseno","category-logotipos","tag-diseno","tag-imagen-corporativa","tag-marca","post_format-post-format-image"],"_links":{"self":[{"href":"https:\/\/e3design.es\/index.php\/wp-json\/wp\/v2\/posts\/366","targetHints":{"allow":["GET"]}}],"collection":[{"href":"https:\/\/e3design.es\/index.php\/wp-json\/wp\/v2\/posts"}],"about":[{"href":"https:\/\/e3design.es\/index.php\/wp-json\/wp\/v2\/types\/post"}],"author":[{"embeddable":true,"href":"https:\/\/e3design.es\/index.php\/wp-json\/wp\/v2\/users\/1"}],"replies":[{"embeddable":true,"href":"https:\/\/e3design.es\/index.php\/wp-json\/wp\/v2\/comments?post=366"}],"version-history":[{"count":3,"href":"https:\/\/e3design.es\/index.php\/wp-json\/wp\/v2\/posts\/366\/revisions"}],"predecessor-version":[{"id":370,"href":"https:\/\/e3design.es\/index.php\/wp-json\/wp\/v2\/posts\/366\/revisions\/370"}],"wp:featuredmedia":[{"embeddable":true,"href":"https:\/\/e3design.es\/index.php\/wp-json\/wp\/v2\/media\/367"}],"wp:attachment":[{"href":"https:\/\/e3design.es\/index.php\/wp-json\/wp\/v2\/media?parent=366"}],"wp:term":[{"taxonomy":"category","embeddable":true,"href":"https:\/\/e3design.es\/index.php\/wp-json\/wp\/v2\/categories?post=366"},{"taxonomy":"post_tag","embeddable":true,"href":"https:\/\/e3design.es\/index.php\/wp-json\/wp\/v2\/tags?post=366"}],"curies":[{"name":"wp","href":"https:\/\/api.w.org\/{rel}","templated":true}]}}