{"id":382,"date":"2010-03-31T17:59:00","date_gmt":"2010-03-31T17:59:00","guid":{"rendered":"https:\/\/e3design.es\/?p=382"},"modified":"2023-05-19T18:07:29","modified_gmt":"2023-05-19T18:07:29","slug":"1975-a-night-at-the-opera","status":"publish","type":"post","link":"https:\/\/e3design.es\/index.php\/2010\/03\/31\/1975-a-night-at-the-opera\/","title":{"rendered":"1975 (A Night At The Opera)"},"content":{"rendered":"\n<p class=\"wp-block-paragraph\"><strong><strong>Versionarios | Fantasma de la \u00d3pera | T\u00e9cnica Mixta <\/strong><\/strong><\/p>\n\n\n\n<p class=\"wp-block-paragraph\">Nuevo boceto coloreado a modo de avance de pr\u00f3ximos trabajos. En la novela original el \u00abFantasma de la Opera\u00bb es un ser deforme (citado en el libro como \u00abcad\u00e1ver humano\u00bb por su horrible aspecto) sin embargo, en las adaptaciones modernas de cine (en la que se basa esta version) ha sido presentado como un hombre apuesto con la mitad del rostro desfigurado.<\/p>\n","protected":false},"excerpt":{"rendered":"<p>Versionarios | Fantasma de la \u00d3pera | T\u00e9cnica Mixta Nuevo boceto coloreado a modo de avance de pr\u00f3ximos trabajos. En la novela original el \u00abFantasma de la Opera\u00bb es un [&hellip;]<\/p>\n","protected":false},"author":1,"featured_media":383,"comment_status":"open","ping_status":"open","sticky":false,"template":"","format":"image","meta":{"footnotes":""},"categories":[4],"tags":[38,13],"class_list":["post-382","post","type-post","status-publish","format-image","has-post-thumbnail","hentry","category-ilustracion","tag-boceto","tag-versionarios","post_format-post-format-image"],"_links":{"self":[{"href":"https:\/\/e3design.es\/index.php\/wp-json\/wp\/v2\/posts\/382","targetHints":{"allow":["GET"]}}],"collection":[{"href":"https:\/\/e3design.es\/index.php\/wp-json\/wp\/v2\/posts"}],"about":[{"href":"https:\/\/e3design.es\/index.php\/wp-json\/wp\/v2\/types\/post"}],"author":[{"embeddable":true,"href":"https:\/\/e3design.es\/index.php\/wp-json\/wp\/v2\/users\/1"}],"replies":[{"embeddable":true,"href":"https:\/\/e3design.es\/index.php\/wp-json\/wp\/v2\/comments?post=382"}],"version-history":[{"count":1,"href":"https:\/\/e3design.es\/index.php\/wp-json\/wp\/v2\/posts\/382\/revisions"}],"predecessor-version":[{"id":384,"href":"https:\/\/e3design.es\/index.php\/wp-json\/wp\/v2\/posts\/382\/revisions\/384"}],"wp:featuredmedia":[{"embeddable":true,"href":"https:\/\/e3design.es\/index.php\/wp-json\/wp\/v2\/media\/383"}],"wp:attachment":[{"href":"https:\/\/e3design.es\/index.php\/wp-json\/wp\/v2\/media?parent=382"}],"wp:term":[{"taxonomy":"category","embeddable":true,"href":"https:\/\/e3design.es\/index.php\/wp-json\/wp\/v2\/categories?post=382"},{"taxonomy":"post_tag","embeddable":true,"href":"https:\/\/e3design.es\/index.php\/wp-json\/wp\/v2\/tags?post=382"}],"curies":[{"name":"wp","href":"https:\/\/api.w.org\/{rel}","templated":true}]}}