{"id":391,"date":"2010-04-24T10:10:00","date_gmt":"2010-04-24T10:10:00","guid":{"rendered":"https:\/\/e3design.es\/?p=391"},"modified":"2024-05-13T08:33:47","modified_gmt":"2024-05-13T08:33:47","slug":"caricaturas-a-medida-vol-1","status":"publish","type":"post","link":"https:\/\/e3design.es\/index.php\/2010\/04\/24\/caricaturas-a-medida-vol-1\/","title":{"rendered":"Caricaturas a medida Vol.1"},"content":{"rendered":"\n<p class=\"wp-block-paragraph\"><strong><strong>Caricaturas y Retratos | Por encargo | T\u00e9cnica Digital<\/strong><\/strong><\/p>\n\n\n\n<p class=\"wp-block-paragraph\">En <strong>E3Design<\/strong> ofrecemos una amplia gama de soluciones gr\u00e1ficas y por supuesto, todo tipo de ilustraci\u00f3nes. Como muestra de ello, hoy os presentamos 2 caricaturas realizadas para un cliente privado. La primera versi\u00f3n (fondo amarillo) fu\u00e9 realizada integramente con t\u00e9cnica digital y se tomar\u00f3n varias fotos como referencia. Para la \u00abversi\u00f3n alternativa\u00bb contamos con la ayuda de<strong> Cristian Melian<\/strong> (amigo y compa\u00f1ero de Oceanogr\u00e1fica) que opt\u00f3 por usar un estilo m\u00e1s c\u00f3mico y cl\u00e1sico, exagerando los rasgos de la primera caricatura.<\/p>\n\n\n\n<p class=\"wp-block-paragraph\"><\/p>\n","protected":false},"excerpt":{"rendered":"<p>Caricaturas y Retratos | Por encargo | T\u00e9cnica Digital En E3Design ofrecemos una amplia gama de soluciones gr\u00e1ficas y por supuesto, todo tipo de ilustraci\u00f3nes. Como muestra de ello, hoy [&hellip;]<\/p>\n","protected":false},"author":1,"featured_media":596,"comment_status":"open","ping_status":"open","sticky":false,"template":"","format":"image","meta":{"footnotes":""},"categories":[6,4,37],"tags":[49,50],"class_list":["post-391","post","type-post","status-publish","format-image","has-post-thumbnail","hentry","category-caricatura","category-ilustracion","category-teamup","tag-caricatura","tag-equipo","post_format-post-format-image"],"_links":{"self":[{"href":"https:\/\/e3design.es\/index.php\/wp-json\/wp\/v2\/posts\/391","targetHints":{"allow":["GET"]}}],"collection":[{"href":"https:\/\/e3design.es\/index.php\/wp-json\/wp\/v2\/posts"}],"about":[{"href":"https:\/\/e3design.es\/index.php\/wp-json\/wp\/v2\/types\/post"}],"author":[{"embeddable":true,"href":"https:\/\/e3design.es\/index.php\/wp-json\/wp\/v2\/users\/1"}],"replies":[{"embeddable":true,"href":"https:\/\/e3design.es\/index.php\/wp-json\/wp\/v2\/comments?post=391"}],"version-history":[{"count":2,"href":"https:\/\/e3design.es\/index.php\/wp-json\/wp\/v2\/posts\/391\/revisions"}],"predecessor-version":[{"id":597,"href":"https:\/\/e3design.es\/index.php\/wp-json\/wp\/v2\/posts\/391\/revisions\/597"}],"wp:featuredmedia":[{"embeddable":true,"href":"https:\/\/e3design.es\/index.php\/wp-json\/wp\/v2\/media\/596"}],"wp:attachment":[{"href":"https:\/\/e3design.es\/index.php\/wp-json\/wp\/v2\/media?parent=391"}],"wp:term":[{"taxonomy":"category","embeddable":true,"href":"https:\/\/e3design.es\/index.php\/wp-json\/wp\/v2\/categories?post=391"},{"taxonomy":"post_tag","embeddable":true,"href":"https:\/\/e3design.es\/index.php\/wp-json\/wp\/v2\/tags?post=391"}],"curies":[{"name":"wp","href":"https:\/\/api.w.org\/{rel}","templated":true}]}}