{"id":429,"date":"2010-05-19T15:46:00","date_gmt":"2010-05-19T15:46:00","guid":{"rendered":"https:\/\/e3design.es\/?p=429"},"modified":"2023-05-21T15:49:13","modified_gmt":"2023-05-21T15:49:13","slug":"bicuda","status":"publish","type":"post","link":"https:\/\/e3design.es\/index.php\/2010\/05\/19\/bicuda\/","title":{"rendered":"Bicuda"},"content":{"rendered":"\n<p class=\"wp-block-paragraph\"><strong>Oceanogr\u00e1fica | Ilustraci\u00f3n Cient\u00edfica |<\/strong> <strong>Digital<\/strong><\/p>\n\n\n\n<p class=\"wp-block-paragraph\">En noviembre de 2009 comenzamos a publicar diversas ilustraciones cientificas (en fase de revisi\u00f3n) de <strong>Oceanogr\u00e1fica<\/strong> y hoy engrosamos la galer\u00eda sobre de peces del oceano Atl\u00e1ntico con una nueva especie. La imagen representa a la <strong>Bicuda<\/strong> \u2013 <em>Sphyraena viridensi<\/em> \u2013 que destaca por su habilidad para la cacer\u00eda y por su esvelta figura que puede alcanzar hasta los 128 cm de largo.<\/p>\n\n\n\n<p class=\"wp-block-paragraph\">Si desea saber m\u00e1s sobre la t\u00e9cnica utilizada para esta ilustraci\u00f3n le invitamos a ver anteriores publicaciones sobre peces de Canarias:<\/p>\n\n\n\n<p class=\"wp-block-paragraph\">\u2022&nbsp; <a href=\"http:\/\/www.versionarios.com\/wp-content\/uploads\/z_sardina.jpg\">Sardina de ley<\/a> \u2022&nbsp; <a href=\"http:\/\/www.versionarios.com\/wp-content\/uploads\/z_palometa.jpg\">Palometa negra<\/a> \u2022&nbsp; <a href=\"http:\/\/www.versionarios.com\/wp-content\/uploads\/z_agujon.jpg\">Aguj\u00f3n<\/a> \u2022&nbsp; <a href=\"http:\/\/www.versionarios.com\/wp-content\/uploads\/z_chicharro.jpg\">Chicharro<\/a> \u2022&nbsp; <a href=\"http:\/\/www.versionarios.com\/wp-content\/uploads\/z_cabrillanegra.jpg\">Cabrilla negra<\/a><\/p>\n","protected":false},"excerpt":{"rendered":"<p>Oceanogr\u00e1fica | Ilustraci\u00f3n Cient\u00edfica | Digital En noviembre de 2009 comenzamos a publicar diversas ilustraciones cientificas (en fase de revisi\u00f3n) de Oceanogr\u00e1fica y hoy engrosamos la galer\u00eda sobre de peces [&hellip;]<\/p>\n","protected":false},"author":1,"featured_media":430,"comment_status":"open","ping_status":"open","sticky":false,"template":"","format":"image","meta":{"footnotes":""},"categories":[4],"tags":[17],"class_list":["post-429","post","type-post","status-publish","format-image","has-post-thumbnail","hentry","category-ilustracion","tag-cientifica","post_format-post-format-image"],"_links":{"self":[{"href":"https:\/\/e3design.es\/index.php\/wp-json\/wp\/v2\/posts\/429","targetHints":{"allow":["GET"]}}],"collection":[{"href":"https:\/\/e3design.es\/index.php\/wp-json\/wp\/v2\/posts"}],"about":[{"href":"https:\/\/e3design.es\/index.php\/wp-json\/wp\/v2\/types\/post"}],"author":[{"embeddable":true,"href":"https:\/\/e3design.es\/index.php\/wp-json\/wp\/v2\/users\/1"}],"replies":[{"embeddable":true,"href":"https:\/\/e3design.es\/index.php\/wp-json\/wp\/v2\/comments?post=429"}],"version-history":[{"count":1,"href":"https:\/\/e3design.es\/index.php\/wp-json\/wp\/v2\/posts\/429\/revisions"}],"predecessor-version":[{"id":431,"href":"https:\/\/e3design.es\/index.php\/wp-json\/wp\/v2\/posts\/429\/revisions\/431"}],"wp:featuredmedia":[{"embeddable":true,"href":"https:\/\/e3design.es\/index.php\/wp-json\/wp\/v2\/media\/430"}],"wp:attachment":[{"href":"https:\/\/e3design.es\/index.php\/wp-json\/wp\/v2\/media?parent=429"}],"wp:term":[{"taxonomy":"category","embeddable":true,"href":"https:\/\/e3design.es\/index.php\/wp-json\/wp\/v2\/categories?post=429"},{"taxonomy":"post_tag","embeddable":true,"href":"https:\/\/e3design.es\/index.php\/wp-json\/wp\/v2\/tags?post=429"}],"curies":[{"name":"wp","href":"https:\/\/api.w.org\/{rel}","templated":true}]}}