{"id":448,"date":"2018-11-02T17:59:00","date_gmt":"2018-11-02T17:59:00","guid":{"rendered":"https:\/\/e3design.es\/?p=448"},"modified":"2023-05-22T18:13:19","modified_gmt":"2023-05-22T18:13:19","slug":"forum-energias-renovables","status":"publish","type":"post","link":"https:\/\/e3design.es\/index.php\/2018\/11\/02\/forum-energias-renovables\/","title":{"rendered":"Forum Energ\u00edas Renovables"},"content":{"rendered":"\n<p class=\"wp-block-paragraph\"><strong>Imagen Corporativa | Eventos<\/strong> <strong>| 2018<\/strong><\/p>\n\n\n\n<p class=\"wp-block-paragraph\"><\/p>\n\n\n\n<p class=\"wp-block-paragraph\">Aunque lo habitual para nosotros son los eventos de ocio como c\u00f3mics o deportes, en esta ocasi\u00f3n trabajamos en un tema muy distinto, concretamente consisti\u00f3 en unas <strong>Jornadas de Energ\u00edas Renovables Avances y Futuro<\/strong> organizadas por Asociaci\u00f3n Espacio <em>Forum<\/em> GC <em>ASEFGRANCA<\/em>. Tuvo lugar el 25 de octubre de 2018 y se realizaron cosas como cartel, acreditaciones, displays, web y redes sociales para el evento. <br><br>Como curiosidad, tambi\u00e9n desarrollamos el propio logo de <em>ASEFGRANCA<\/em> para su aplicaci\u00f3n en papeler\u00eda y digital.<\/p>\n","protected":false},"excerpt":{"rendered":"<p>Imagen Corporativa | Eventos | 2018 Aunque lo habitual para nosotros son los eventos de ocio como c\u00f3mics o deportes, en esta ocasi\u00f3n trabajamos en un tema muy distinto, concretamente [&hellip;]<\/p>\n","protected":false},"author":1,"featured_media":450,"comment_status":"open","ping_status":"open","sticky":false,"template":"","format":"image","meta":{"footnotes":""},"categories":[2,8],"tags":[55],"class_list":["post-448","post","type-post","status-publish","format-image","has-post-thumbnail","hentry","category-diseno","category-logotipos","tag-eventos","post_format-post-format-image"],"_links":{"self":[{"href":"https:\/\/e3design.es\/index.php\/wp-json\/wp\/v2\/posts\/448","targetHints":{"allow":["GET"]}}],"collection":[{"href":"https:\/\/e3design.es\/index.php\/wp-json\/wp\/v2\/posts"}],"about":[{"href":"https:\/\/e3design.es\/index.php\/wp-json\/wp\/v2\/types\/post"}],"author":[{"embeddable":true,"href":"https:\/\/e3design.es\/index.php\/wp-json\/wp\/v2\/users\/1"}],"replies":[{"embeddable":true,"href":"https:\/\/e3design.es\/index.php\/wp-json\/wp\/v2\/comments?post=448"}],"version-history":[{"count":1,"href":"https:\/\/e3design.es\/index.php\/wp-json\/wp\/v2\/posts\/448\/revisions"}],"predecessor-version":[{"id":451,"href":"https:\/\/e3design.es\/index.php\/wp-json\/wp\/v2\/posts\/448\/revisions\/451"}],"wp:featuredmedia":[{"embeddable":true,"href":"https:\/\/e3design.es\/index.php\/wp-json\/wp\/v2\/media\/450"}],"wp:attachment":[{"href":"https:\/\/e3design.es\/index.php\/wp-json\/wp\/v2\/media?parent=448"}],"wp:term":[{"taxonomy":"category","embeddable":true,"href":"https:\/\/e3design.es\/index.php\/wp-json\/wp\/v2\/categories?post=448"},{"taxonomy":"post_tag","embeddable":true,"href":"https:\/\/e3design.es\/index.php\/wp-json\/wp\/v2\/tags?post=448"}],"curies":[{"name":"wp","href":"https:\/\/api.w.org\/{rel}","templated":true}]}}