{"id":662,"date":"2011-03-04T13:28:00","date_gmt":"2011-03-04T13:28:00","guid":{"rendered":"https:\/\/e3design.es\/?p=662"},"modified":"2025-03-31T12:26:28","modified_gmt":"2025-03-31T12:26:28","slug":"carroza-sube-al-carnaval","status":"publish","type":"post","link":"https:\/\/e3design.es\/index.php\/2011\/03\/04\/carroza-sube-al-carnaval\/","title":{"rendered":"Carroza \u00abSube al Carnaval\u00bb"},"content":{"rendered":"\n<p class=\"wp-block-paragraph\"><strong>Decoraci\u00f3n | Ilustraci\u00f3n, dise\u00f1o y modelado<\/strong> <strong>| 2011<\/strong><\/p>\n\n\n\n<p class=\"wp-block-paragraph\">Son muchas las cosas que hacen de las Islas Canarias un lugar m\u00e1gico\u2026la gente o el buen clima son buena muestra de ello, adem\u00e1s tenemos una gran variedad de fiestas populares como la \u00abtraida del agua\u00bb, la \u00abbajada de la rama\u00bb o las romerias tradicionales de cada pueblo; sin embargo, si hay una fiesta que enamora a isle\u00f1os y turistas es nuestro amado \u00ab<strong>Carnaval<\/strong>\u00ab. Este a\u00f1o tuvimos la oportunidad de sumarnos a la fiesta, pero de una manera distinta, puesto que decoramos una enorme carroza con nuestros dibujos y figuras. La carroza llamada \u00ab<strong>Sube Al Carnaval<\/strong>\u00bb es un proyecto que comienza en 2011 e incluye a un extenso equipo de amigos y profesionales. Pr\u00f3ximamente publicaremos la web con la primera carroza del proyecto que desfilo por \u00abLas Palmas de Gran Canaria\u00bb y \u00abPlaya del Ingl\u00e9s\u00bb durante las pasadas fiestas y el equipo que lo hizo realidad.<\/p>\n\n\n\n<p class=\"wp-block-paragraph\"><strong>EQUIPO CREATIVO<\/strong><em> \u2022 Direcci\u00f3n de arte \u2013 <\/em><strong>Eduardo Garc\u00eda Calder\u00edn<\/strong><em> \u2022 Ilustraci\u00f3n \/ Dise\u00f1o<\/em> \u2013 <strong>Cristian Meli\u00e1n Cabrera<\/strong><em> \u2022 Figuras \/ Vol\u00famenes<\/em> \u2013 <strong>Damian De Miguel Castillo<\/strong><\/p>\n","protected":false},"excerpt":{"rendered":"<p>Decoraci\u00f3n | Ilustraci\u00f3n, dise\u00f1o y modelado | 2011 Son muchas las cosas que hacen de las Islas Canarias un lugar m\u00e1gico\u2026la gente o el buen clima son buena muestra de [&hellip;]<\/p>\n","protected":false},"author":1,"featured_media":663,"comment_status":"open","ping_status":"open","sticky":false,"template":"","format":"image","meta":{"footnotes":""},"categories":[1],"tags":[46,47,76,77],"class_list":["post-662","post","type-post","status-publish","format-image","has-post-thumbnail","hentry","category-creatividad","tag-decoracion","tag-diseno","tag-escultura","tag-pintura","post_format-post-format-image"],"_links":{"self":[{"href":"https:\/\/e3design.es\/index.php\/wp-json\/wp\/v2\/posts\/662","targetHints":{"allow":["GET"]}}],"collection":[{"href":"https:\/\/e3design.es\/index.php\/wp-json\/wp\/v2\/posts"}],"about":[{"href":"https:\/\/e3design.es\/index.php\/wp-json\/wp\/v2\/types\/post"}],"author":[{"embeddable":true,"href":"https:\/\/e3design.es\/index.php\/wp-json\/wp\/v2\/users\/1"}],"replies":[{"embeddable":true,"href":"https:\/\/e3design.es\/index.php\/wp-json\/wp\/v2\/comments?post=662"}],"version-history":[{"count":1,"href":"https:\/\/e3design.es\/index.php\/wp-json\/wp\/v2\/posts\/662\/revisions"}],"predecessor-version":[{"id":664,"href":"https:\/\/e3design.es\/index.php\/wp-json\/wp\/v2\/posts\/662\/revisions\/664"}],"wp:featuredmedia":[{"embeddable":true,"href":"https:\/\/e3design.es\/index.php\/wp-json\/wp\/v2\/media\/663"}],"wp:attachment":[{"href":"https:\/\/e3design.es\/index.php\/wp-json\/wp\/v2\/media?parent=662"}],"wp:term":[{"taxonomy":"category","embeddable":true,"href":"https:\/\/e3design.es\/index.php\/wp-json\/wp\/v2\/categories?post=662"},{"taxonomy":"post_tag","embeddable":true,"href":"https:\/\/e3design.es\/index.php\/wp-json\/wp\/v2\/tags?post=662"}],"curies":[{"name":"wp","href":"https:\/\/api.w.org\/{rel}","templated":true}]}}