{"id":696,"date":"2011-05-28T12:58:00","date_gmt":"2011-05-28T12:58:00","guid":{"rendered":"https:\/\/e3design.es\/?p=696"},"modified":"2026-05-15T13:02:32","modified_gmt":"2026-05-15T13:02:32","slug":"esto-va-de-ilustracion","status":"publish","type":"post","link":"https:\/\/e3design.es\/index.php\/2011\/05\/28\/esto-va-de-ilustracion\/","title":{"rendered":"Esto va de Ilustraci\u00f3n"},"content":{"rendered":"\n<p class=\"wp-block-paragraph\"><strong>Publicidad | Proyecto |<\/strong> <strong>Dise\u00f1o Graf\u00edco<\/strong><\/p>\n\n\n\n<p class=\"wp-block-paragraph\">\u201c<a href=\"http:\/\/www.estovadeilustracion.com\/\"><strong>Vamos, esto va de ilustraci\u00f3n<\/strong><\/a>\u201d es un proyecto art\u00edstico, fresco, desenfadado, joven, urbano y antielitista. Tiene como finalidad luchar por un mayor reconocimiento del dibujo, del collage y del street art. Todo ello a trav\u00e9s de exposiciones itinerantes, intentando no quedarse atrapado en un \u00e1mbito nacional, sino que fomenta el reconocimiento internacional de los j\u00f3venes artistas con los que se cuenta, funcionando como catapulta promocional para todos ellos.<\/p>\n\n\n\n<p class=\"wp-block-paragraph\">Hoy os presento el anuncio en formato din-a4, que he dise\u00f1ado conjuntamente director de la exposici\u00f3n para promocionar el evento en prensa. Pr\u00f3ximamente publicaremos la web del proyecto (<a href=\"http:\/\/www.estovadeilustracion.com\">www.estovadeilustracion.com<\/a>), el libreto\/gu\u00eda de la exposici\u00f3n y el p\u00f3ster publicitario.<\/p>\n","protected":false},"excerpt":{"rendered":"<p>Publicidad | Proyecto | Dise\u00f1o Graf\u00edco \u201cVamos, esto va de ilustraci\u00f3n\u201d es un proyecto art\u00edstico, fresco, desenfadado, joven, urbano y antielitista. Tiene como finalidad luchar por un mayor reconocimiento del [&hellip;]<\/p>\n","protected":false},"author":1,"featured_media":697,"comment_status":"open","ping_status":"open","sticky":false,"template":"","format":"image","meta":{"footnotes":""},"categories":[1],"tags":[],"class_list":["post-696","post","type-post","status-publish","format-image","has-post-thumbnail","hentry","category-creatividad","post_format-post-format-image"],"_links":{"self":[{"href":"https:\/\/e3design.es\/index.php\/wp-json\/wp\/v2\/posts\/696","targetHints":{"allow":["GET"]}}],"collection":[{"href":"https:\/\/e3design.es\/index.php\/wp-json\/wp\/v2\/posts"}],"about":[{"href":"https:\/\/e3design.es\/index.php\/wp-json\/wp\/v2\/types\/post"}],"author":[{"embeddable":true,"href":"https:\/\/e3design.es\/index.php\/wp-json\/wp\/v2\/users\/1"}],"replies":[{"embeddable":true,"href":"https:\/\/e3design.es\/index.php\/wp-json\/wp\/v2\/comments?post=696"}],"version-history":[{"count":1,"href":"https:\/\/e3design.es\/index.php\/wp-json\/wp\/v2\/posts\/696\/revisions"}],"predecessor-version":[{"id":698,"href":"https:\/\/e3design.es\/index.php\/wp-json\/wp\/v2\/posts\/696\/revisions\/698"}],"wp:featuredmedia":[{"embeddable":true,"href":"https:\/\/e3design.es\/index.php\/wp-json\/wp\/v2\/media\/697"}],"wp:attachment":[{"href":"https:\/\/e3design.es\/index.php\/wp-json\/wp\/v2\/media?parent=696"}],"wp:term":[{"taxonomy":"category","embeddable":true,"href":"https:\/\/e3design.es\/index.php\/wp-json\/wp\/v2\/categories?post=696"},{"taxonomy":"post_tag","embeddable":true,"href":"https:\/\/e3design.es\/index.php\/wp-json\/wp\/v2\/tags?post=696"}],"curies":[{"name":"wp","href":"https:\/\/api.w.org\/{rel}","templated":true}]}}